{"id":1495,"date":"2024-07-01T13:29:26","date_gmt":"2024-07-01T11:29:26","guid":{"rendered":"https:\/\/geced.org\/?p=1495"},"modified":"2024-09-19T17:32:47","modified_gmt":"2024-09-19T15:32:47","slug":"labellisation-genre-et-competitivite-des-entreprises-la-cnps-certifiee-label-gece-une-nouvelle-etape-importante-franchie-par-la-cote-divoire","status":"publish","type":"post","link":"https:\/\/geced.org\/en\/labellisation-genre-et-competitivite-des-entreprises-la-cnps-certifiee-label-gece-une-nouvelle-etape-importante-franchie-par-la-cote-divoire\/","title":{"rendered":"Labellisation Genre et Comp\u00e9titivit\u00e9 des entreprises : La CNPS certifi\u00e9e Label GECE, une nouvelle \u00e9tape importante franchie par la C\u00f4te d&rsquo;Ivoire"},"content":{"rendered":"<p class=\"gutenify-section-0c806930-379d-11ef-829a-0f78ec6bea87 gtfy-1\">Abidjan &#8211; La C\u00f4te d&rsquo;Ivoire vient de franchir une nouvelle \u00e9tape importante avec l&rsquo;aboutissement du processus de certification au Label GECE (Genre et Comp\u00e9titivit\u00e9 des entreprises) de la Caisse nationale de pr\u00e9voyance sociale (CNPS), ce mardi 25 juin 2024, \u00e0 Abidjan-Plateau.<\/p>\n\n\n\n<p class=\"gutenify-section-0c815390-379d-11ef-829a-0f78ec6bea87 gtfy-4\">\u00ab\u00a0La C\u00f4te d\u2019Ivoire vient de franchir une nouvelle \u00e9tape importante vers la cr\u00e9ation d\u2019une soci\u00e9t\u00e9 juste, prosp\u00e8re et inclusive, dans laquelle tous les citoyens et toutes les citoyennes auront les m\u00eames chances de contribuer au d\u00e9veloppement \u00e0 la performance de leurs entreprises et au d\u00e9veloppement de notre pays\u00a0\u00bb, s&rsquo;est f\u00e9licit\u00e9e Euphrasie Kouassi Yao, conseill\u00e8re sp\u00e9ciale du Premier Ministre charg\u00e9e du genre.<\/p>\n\n\n\n<p class=\"gutenify-section-0c81efd0-379d-11ef-829a-0f78ec6bea87 gtfy-7\">Ce Label GECE est en parfaite ad\u00e9quation avec la vision du Pr\u00e9sident Alassane Ouattara, car il \u0153uvre au d\u00e9veloppement du capital humain, \u00e0 l\u2019\u00e9galit\u00e9 des chances entre les hommes et les femmes.<\/p>\n\n\n\n<p class=\"gutenify-section-0c826500-379d-11ef-829a-0f78ec6bea87 gtfy-10\">La CNPS vient ainsi de r\u00e9pondre avec brio aux exigences et normes du processus m\u00e9ticuleux de labellisation, en devenant la premi\u00e8re entreprise ivoirienne et africaine \u00e0 \u00eatre certifi\u00e9e en Genre, Comp\u00e9titivit\u00e9 et Performance des Entreprises.<\/p>\n\n\n\n<p class=\"gutenify-section-0c887f80-379d-11ef-829a-0f78ec6bea87 gtfy-13\">\u00ab\u00a0Ensemble, nous continuerons \u00e0 avancer vers un avenir o\u00f9 l&rsquo;\u00e9galit\u00e9 du genre n&rsquo;est pas seulement un objectif, mais une r\u00e9alit\u00e9\u00a0\u00bb, a promis Charles Denis Kouassi, directeur g\u00e9n\u00e9ral de la CNPS.<\/p>\n\n\n\n<p class=\"gutenify-section-21287f30-379d-11ef-829a-0f78ec6bea87 gtfy-16\">Source:Abidjan.net<\/p>","protected":false},"excerpt":{"rendered":"<p>Abidjan &#8211; La C\u00f4te d&rsquo;Ivoire vient de franchir une nouvelle \u00e9tape importante avec l&rsquo;aboutissement du [&hellip;]<\/p>\n","protected":false},"author":1,"featured_media":1491,"comment_status":"open","ping_status":"open","sticky":false,"template":"","format":"standard","meta":{"_gutenify_countdown_timer_type":"fixed","_gutenify_countdown_timer_evergreen_hours":24,"_gutenify_countdown_timer_evergreen_minutes":0,"_gutenify_countdown_timer_date":"","_gutenify_countdown_timer_timezone":"US\/Eastern","_gutenify_countdown_timer_end_action":"none","_gutenify_countdown_timer_hide_selector":"","_gutenify_countdown_timer_redirect_url":"","_uag_custom_page_level_css":"","_monsterinsights_skip_tracking":false,"_monsterinsights_sitenote_active":false,"_monsterinsights_sitenote_note":"","_monsterinsights_sitenote_category":0,"_kadence_starter_templates_imported_post":false,"footnotes":""},"categories":[46],"tags":[],"class_list":["post-1495","post","type-post","status-publish","format-standard","has-post-thumbnail","hentry","category-actualite"],"uagb_featured_image_src":{"full":["https:\/\/geced.org\/wp-content\/uploads\/2024\/07\/labellisation-genre-et-competitivite-des-entreprises-la-cnps-certifiee-labe_x4vnnb978hr_small.jpg",720,404,false],"thumbnail":["https:\/\/geced.org\/wp-content\/uploads\/2024\/07\/labellisation-genre-et-competitivite-des-entreprises-la-cnps-certifiee-labe_x4vnnb978hr_small-150x150.jpg",150,150,true],"medium":["https:\/\/geced.org\/wp-content\/uploads\/2024\/07\/labellisation-genre-et-competitivite-des-entreprises-la-cnps-certifiee-labe_x4vnnb978hr_small-300x168.jpg",300,168,true],"medium_large":["https:\/\/geced.org\/wp-content\/uploads\/2024\/07\/labellisation-genre-et-competitivite-des-entreprises-la-cnps-certifiee-labe_x4vnnb978hr_small.jpg",720,404,false],"large":["https:\/\/geced.org\/wp-content\/uploads\/2024\/07\/labellisation-genre-et-competitivite-des-entreprises-la-cnps-certifiee-labe_x4vnnb978hr_small.jpg",720,404,false],"1536x1536":["https:\/\/geced.org\/wp-content\/uploads\/2024\/07\/labellisation-genre-et-competitivite-des-entreprises-la-cnps-certifiee-labe_x4vnnb978hr_small.jpg",720,404,false],"2048x2048":["https:\/\/geced.org\/wp-content\/uploads\/2024\/07\/labellisation-genre-et-competitivite-des-entreprises-la-cnps-certifiee-labe_x4vnnb978hr_small.jpg",720,404,false],"trp-custom-language-flag":["https:\/\/geced.org\/wp-content\/uploads\/2024\/07\/labellisation-genre-et-competitivite-des-entreprises-la-cnps-certifiee-labe_x4vnnb978hr_small-18x10.jpg",18,10,true]},"uagb_author_info":{"display_name":"geced.org","author_link":"https:\/\/geced.org\/en\/author\/geced-org\/"},"uagb_comment_info":2,"uagb_excerpt":"Abidjan &#8211; La C\u00f4te d&rsquo;Ivoire vient de franchir une nouvelle \u00e9tape importante avec l&rsquo;aboutissement du [&hellip;]","_links":{"self":[{"href":"https:\/\/geced.org\/en\/wp-json\/wp\/v2\/posts\/1495","targetHints":{"allow":["GET"]}}],"collection":[{"href":"https:\/\/geced.org\/en\/wp-json\/wp\/v2\/posts"}],"about":[{"href":"https:\/\/geced.org\/en\/wp-json\/wp\/v2\/types\/post"}],"author":[{"embeddable":true,"href":"https:\/\/geced.org\/en\/wp-json\/wp\/v2\/users\/1"}],"replies":[{"embeddable":true,"href":"https:\/\/geced.org\/en\/wp-json\/wp\/v2\/comments?post=1495"}],"version-history":[{"count":1,"href":"https:\/\/geced.org\/en\/wp-json\/wp\/v2\/posts\/1495\/revisions"}],"predecessor-version":[{"id":1496,"href":"https:\/\/geced.org\/en\/wp-json\/wp\/v2\/posts\/1495\/revisions\/1496"}],"wp:featuredmedia":[{"embeddable":true,"href":"https:\/\/geced.org\/en\/wp-json\/wp\/v2\/media\/1491"}],"wp:attachment":[{"href":"https:\/\/geced.org\/en\/wp-json\/wp\/v2\/media?parent=1495"}],"wp:term":[{"taxonomy":"category","embeddable":true,"href":"https:\/\/geced.org\/en\/wp-json\/wp\/v2\/categories?post=1495"},{"taxonomy":"post_tag","embeddable":true,"href":"https:\/\/geced.org\/en\/wp-json\/wp\/v2\/tags?post=1495"}],"curies":[{"name":"wp","href":"https:\/\/api.w.org\/{rel}","templated":true}]}}