{"id":1499,"date":"2024-07-01T13:32:54","date_gmt":"2024-07-01T11:32:54","guid":{"rendered":"https:\/\/geced.org\/?p=1499"},"modified":"2024-09-19T17:32:36","modified_gmt":"2024-09-19T15:32:36","slug":"labellisation-genre-et-competitivite-des-entreprises-la-cnps-certifiee-label-gece-une-nouvelle-etape-importante-franchie-par-la-cote-divoire-2","status":"publish","type":"post","link":"https:\/\/geced.org\/en\/labellisation-genre-et-competitivite-des-entreprises-la-cnps-certifiee-label-gece-une-nouvelle-etape-importante-franchie-par-la-cote-divoire-2\/","title":{"rendered":"LABELLISATION GENRE ET COMP\u00c9TITIVIT\u00c9 DES ENTREPRISES : LA CNPS CERTIFI\u00c9E LABEL GECE, UNE NOUVELLE \u00c9TAPE IMPORTANTE FRANCHIE PAR LA COTE D\u2019IVOIRE"},"content":{"rendered":"<p class=\"gutenify-section-93a10050-379d-11ef-b6ff-07a562ef23a7 gtfy-1\">Abidjan, le 26 juin 2024 &#8211; La C\u00f4te d\u2019Ivoire vient de franchir une nouvelle \u00e9tape importante avec l\u2019aboutissement du processus de certification au Label GECE (Genre et Comp\u00e9titivit\u00e9 des entreprises) de la Caisse nationale de pr\u00e9voyance sociale (CNPS), ce mardi 25 juin 2024, \u00e0 Abidjan-Plateau.<\/p>\n\n\n\n<p class=\"gutenify-section-93a65780-379d-11ef-b6ff-07a562ef23a7 gtfy-4\">\u00ab\u00a0La C\u00f4te d\u2019Ivoire vient de franchir une nouvelle \u00e9tape importante vers la cr\u00e9ation d\u2019une soci\u00e9t\u00e9 juste, prosp\u00e8re et inclusive, dans laquelle tous les citoyens et toutes les citoyennes auront les m\u00eames chances de contribuer au d\u00e9veloppement \u00e0 la performance de leurs entreprises et au d\u00e9veloppement de notre pays\u00a0\u00bb, s\u2019est f\u00e9licit\u00e9e Euphrasie Kouassi Yao, conseill\u00e8re sp\u00e9ciale du Premier Ministre charg\u00e9e du genre.<br><br>Ce Label GECE est en parfaite ad\u00e9quation avec la vision du Pr\u00e9sident Alassane Ouattara, car il \u0153uvre au d\u00e9veloppement du capital humain, \u00e0 l\u2019\u00e9galit\u00e9 des chances entre les hommes et les femmes.<br><br>La CNPS vient ainsi de r\u00e9pondre avec brio aux exigences et normes du processus m\u00e9ticuleux de labellisation, en devenant la premi\u00e8re entreprise ivoirienne et africaine \u00e0 \u00eatre certifi\u00e9e en Genre, Comp\u00e9titivit\u00e9 et Performance des Entreprises.<br><br>\u00ab\u00a0Ensemble, nous continuerons \u00e0 avancer vers un avenir o\u00f9 l\u2019\u00e9galit\u00e9 du genre n\u2019est pas seulement un objectif, mais une r\u00e9alit\u00e9\u00a0\u00bb, a promis Charles Denis Kouassi, directeur g\u00e9n\u00e9ral de la CNPS.&nbsp;<a>&nbsp;<\/a><\/p>","protected":false},"excerpt":{"rendered":"<p>Abidjan, le 26 juin 2024 &#8211; La C\u00f4te d\u2019Ivoire vient de franchir une nouvelle \u00e9tape [&hellip;]<\/p>\n","protected":false},"author":1,"featured_media":1491,"comment_status":"open","ping_status":"open","sticky":false,"template":"","format":"standard","meta":{"_gutenify_countdown_timer_type":"fixed","_gutenify_countdown_timer_evergreen_hours":24,"_gutenify_countdown_timer_evergreen_minutes":0,"_gutenify_countdown_timer_date":"","_gutenify_countdown_timer_timezone":"US\/Eastern","_gutenify_countdown_timer_end_action":"none","_gutenify_countdown_timer_hide_selector":"","_gutenify_countdown_timer_redirect_url":"","_uag_custom_page_level_css":"","_monsterinsights_skip_tracking":false,"_monsterinsights_sitenote_active":false,"_monsterinsights_sitenote_note":"","_monsterinsights_sitenote_category":0,"_kadence_starter_templates_imported_post":false,"footnotes":""},"categories":[46],"tags":[],"class_list":["post-1499","post","type-post","status-publish","format-standard","has-post-thumbnail","hentry","category-actualite"],"uagb_featured_image_src":{"full":["https:\/\/geced.org\/wp-content\/uploads\/2024\/07\/labellisation-genre-et-competitivite-des-entreprises-la-cnps-certifiee-labe_x4vnnb978hr_small.jpg",720,404,false],"thumbnail":["https:\/\/geced.org\/wp-content\/uploads\/2024\/07\/labellisation-genre-et-competitivite-des-entreprises-la-cnps-certifiee-labe_x4vnnb978hr_small-150x150.jpg",150,150,true],"medium":["https:\/\/geced.org\/wp-content\/uploads\/2024\/07\/labellisation-genre-et-competitivite-des-entreprises-la-cnps-certifiee-labe_x4vnnb978hr_small-300x168.jpg",300,168,true],"medium_large":["https:\/\/geced.org\/wp-content\/uploads\/2024\/07\/labellisation-genre-et-competitivite-des-entreprises-la-cnps-certifiee-labe_x4vnnb978hr_small.jpg",720,404,false],"large":["https:\/\/geced.org\/wp-content\/uploads\/2024\/07\/labellisation-genre-et-competitivite-des-entreprises-la-cnps-certifiee-labe_x4vnnb978hr_small.jpg",720,404,false],"1536x1536":["https:\/\/geced.org\/wp-content\/uploads\/2024\/07\/labellisation-genre-et-competitivite-des-entreprises-la-cnps-certifiee-labe_x4vnnb978hr_small.jpg",720,404,false],"2048x2048":["https:\/\/geced.org\/wp-content\/uploads\/2024\/07\/labellisation-genre-et-competitivite-des-entreprises-la-cnps-certifiee-labe_x4vnnb978hr_small.jpg",720,404,false],"trp-custom-language-flag":["https:\/\/geced.org\/wp-content\/uploads\/2024\/07\/labellisation-genre-et-competitivite-des-entreprises-la-cnps-certifiee-labe_x4vnnb978hr_small-18x10.jpg",18,10,true]},"uagb_author_info":{"display_name":"geced.org","author_link":"https:\/\/geced.org\/en\/author\/geced-org\/"},"uagb_comment_info":1,"uagb_excerpt":"Abidjan, le 26 juin 2024 &#8211; La C\u00f4te d\u2019Ivoire vient de franchir une nouvelle \u00e9tape [&hellip;]","_links":{"self":[{"href":"https:\/\/geced.org\/en\/wp-json\/wp\/v2\/posts\/1499","targetHints":{"allow":["GET"]}}],"collection":[{"href":"https:\/\/geced.org\/en\/wp-json\/wp\/v2\/posts"}],"about":[{"href":"https:\/\/geced.org\/en\/wp-json\/wp\/v2\/types\/post"}],"author":[{"embeddable":true,"href":"https:\/\/geced.org\/en\/wp-json\/wp\/v2\/users\/1"}],"replies":[{"embeddable":true,"href":"https:\/\/geced.org\/en\/wp-json\/wp\/v2\/comments?post=1499"}],"version-history":[{"count":1,"href":"https:\/\/geced.org\/en\/wp-json\/wp\/v2\/posts\/1499\/revisions"}],"predecessor-version":[{"id":1500,"href":"https:\/\/geced.org\/en\/wp-json\/wp\/v2\/posts\/1499\/revisions\/1500"}],"wp:featuredmedia":[{"embeddable":true,"href":"https:\/\/geced.org\/en\/wp-json\/wp\/v2\/media\/1491"}],"wp:attachment":[{"href":"https:\/\/geced.org\/en\/wp-json\/wp\/v2\/media?parent=1499"}],"wp:term":[{"taxonomy":"category","embeddable":true,"href":"https:\/\/geced.org\/en\/wp-json\/wp\/v2\/categories?post=1499"},{"taxonomy":"post_tag","embeddable":true,"href":"https:\/\/geced.org\/en\/wp-json\/wp\/v2\/tags?post=1499"}],"curies":[{"name":"wp","href":"https:\/\/api.w.org\/{rel}","templated":true}]}}