{"id":1578,"date":"2025-02-24T15:51:30","date_gmt":"2025-02-24T14:51:30","guid":{"rendered":"https:\/\/geced.org\/?p=1578"},"modified":"2025-02-24T18:24:57","modified_gmt":"2025-02-24T17:24:57","slug":"lancement-de-la-8%e1%b5%89-promotion-de-la-formation-en-ingenierie-du-genre-consolider-le-leadership-de-la-cote-divoire-en-matiere-degalite-des-chances-hommes-femmes","status":"publish","type":"post","link":"https:\/\/geced.org\/en\/lancement-de-la-8%e1%b5%89-promotion-de-la-formation-en-ingenierie-du-genre-consolider-le-leadership-de-la-cote-divoire-en-matiere-degalite-des-chances-hommes-femmes\/","title":{"rendered":"LANCEMENT DE LA 8\u1d49 PROMOTION DE LA FORMATION EN ING\u00c9NIERIE DU GENRE : CONSOLIDER LE LEADERSHIP DE LA C\u00d4TE D\u2019IVOIRE EN MATI\u00c8RE D\u2019\u00c9GALIT\u00c9 DES CHANCES HOMMES-FEMMES"},"content":{"rendered":"<p class=\"gtfy-1\"><strong>Le jeudi 20 f\u00e9vrier a \u00e9t\u00e9 marqu\u00e9 par le lancement officiel de la 8<sup>e<\/sup> promotion de la Formation en Ing\u00e9nierie du Genre (FIG), organis\u00e9 par la Chaire UNESCO \u00ab Eau, Femmes et Pouvoir de D\u00e9cisions \u00bb (CUEFPOD)<\/strong> \u00e0 Abidjan. Cet \u00e9v\u00e9nement a r\u00e9uni des personnalit\u00e9s des secteurs public et priv\u00e9, des organisations internationales et de la soci\u00e9t\u00e9 civile, soulignant l&rsquo;engagement continu de la C\u00f4te d&rsquo;Ivoire en faveur de <strong>l&rsquo;\u00e9galit\u00e9 hommes &#8211; femmes.<\/strong> Depuis sa cr\u00e9ation en 2017, la <strong>FIG<\/strong> a form\u00e9 plus de 400 expert(e)s de haut niveau, dont 80 % occupent aujourd&rsquo;hui des postes de responsabilit\u00e9 en C\u00f4te d&rsquo;Ivoire et \u00e0 l&rsquo;international. Cette formation hybride (80 % en ligne, 20 % en pr\u00e9sentiel) offre une flexibilit\u00e9 adapt\u00e9e aux professionnels en activit\u00e9, facilitant ainsi l&rsquo;acc\u00e8s \u00e0 une expertise pointue en ing\u00e9nierie du genre.<\/p>\n\n\n\n<p class=\"gtfy-4\">Lors de son allocution, <strong>Monsieur Tchiakpe Alexis, Administrateur de la CUEFPOD <\/strong>a exhort\u00e9 les institutions publiques et priv\u00e9es \u00e0 intensifier la formation de leurs cadres en mati\u00e8re de genre, afin de maintenir le leadership de la C\u00f4te d&rsquo;Ivoire en mati\u00e8re <strong>d&rsquo;\u00e9galite\u0301des chances<\/strong>. Il a \u00e9galement encourag\u00e9 les autres nations africaines \u00e0 s&rsquo;inspirer de ce mod\u00e8le pour b\u00e2tir des soci\u00e9t\u00e9s plus \u00e9quitables et durables. Le Cabinet Genre, Comp\u00e9titivit\u00e9 et D\u00e9veloppement Durable (GECED) avec \u00e0 sa t\u00eate sa g\u00e9rante Madame Gis\u00e8le HARDING MELEDJE a pris part \u00e0 cette activit\u00e9 d\u2019envergure.<\/p>\n\n\n\n<figure class=\"wp-block-image aligncenter size-full gtfy-7\"><img loading=\"lazy\" decoding=\"async\" width=\"602\" height=\"401\" src=\"https:\/\/geced.org\/wp-content\/uploads\/2025\/02\/Image1.jpg\" alt=\"\" class=\"wp-image-1579\" srcset=\"https:\/\/geced.org\/wp-content\/uploads\/2025\/02\/Image1.jpg 602w, https:\/\/geced.org\/wp-content\/uploads\/2025\/02\/Image1-300x200.jpg 300w, https:\/\/geced.org\/wp-content\/uploads\/2025\/02\/Image1-18x12.jpg 18w\" sizes=\"auto, (max-width: 602px) 100vw, 602px\" \/><\/figure>\n\n\n\n<p class=\"gtfy-10\">Pour rappel le Cabinet GECED est un Cabinet d\u2019audit et de conseil sp\u00e9cialis\u00e9 dans les domaines du genre, du d\u00e9veloppement durable et de la performance. Il \u0153uvre pour l\u2019int\u00e9gration des politiques de genre au sein des entreprises et des institutions en proposant des services tels que des audits diagnostiques, des formations en ing\u00e9nierie du genre et l\u2019accompagnement vers la certification au Label Genre et Comp\u00e9titivit\u00e9 des Entreprises.<\/p>\n\n\n\n<figure class=\"wp-block-image aligncenter size-full gtfy-13\"><img loading=\"lazy\" decoding=\"async\" width=\"602\" height=\"401\" src=\"https:\/\/geced.org\/wp-content\/uploads\/2025\/02\/Image3.jpg\" alt=\"\" class=\"wp-image-1580\" srcset=\"https:\/\/geced.org\/wp-content\/uploads\/2025\/02\/Image3.jpg 602w, https:\/\/geced.org\/wp-content\/uploads\/2025\/02\/Image3-300x200.jpg 300w, https:\/\/geced.org\/wp-content\/uploads\/2025\/02\/Image3-18x12.jpg 18w\" sizes=\"auto, (max-width: 602px) 100vw, 602px\" \/><\/figure>\n\n\n\n<p class=\"gtfy-16\"><strong>Faites le premier pas vers la transformation de votre entreprise d\u00e8s aujourd\u2019hui.<\/strong> N\u2019attendez plus pour int\u00e9grer les pratiques de <strong>gestion de genre<\/strong>, de <strong>RSE<\/strong>, ou de <strong>comp\u00e9titivit\u00e9<\/strong> dans votre structure. <strong>Contactez le Cabinet GECED maintenant<\/strong> pour discuter de vos besoins et d\u00e9marrer une collaboration fructueuse. Ensemble, nous pouvons cr\u00e9er un environnement de travail plus inclusif, plus responsable et plus performant. <strong>Ne laissez pas votre entreprise \u00e0 la traine relativement aux r\u00e9formes du gouvernement ivoirien en mati\u00e8re de genre \u2014 agissez maintenant pour un avenir plus comp\u00e9titif !<\/strong><\/p>\n\n\n\n<p class=\"gtfy-19\">DANIELLE EBROTIE<\/p>","protected":false},"excerpt":{"rendered":"<p>Le jeudi 20 f\u00e9vrier a \u00e9t\u00e9 marqu\u00e9 par le lancement officiel de la 8e promotion [&hellip;]<\/p>\n","protected":false},"author":1,"featured_media":1583,"comment_status":"open","ping_status":"open","sticky":false,"template":"","format":"standard","meta":{"_gutenify_countdown_timer_type":"fixed","_gutenify_countdown_timer_evergreen_hours":24,"_gutenify_countdown_timer_evergreen_minutes":0,"_gutenify_countdown_timer_date":"","_gutenify_countdown_timer_timezone":"US\/Eastern","_gutenify_countdown_timer_end_action":"none","_gutenify_countdown_timer_hide_selector":"","_gutenify_countdown_timer_redirect_url":"","_uag_custom_page_level_css":"","_monsterinsights_skip_tracking":false,"_monsterinsights_sitenote_active":false,"_monsterinsights_sitenote_note":"","_monsterinsights_sitenote_category":0,"_kadence_starter_templates_imported_post":false,"footnotes":""},"categories":[46],"tags":[],"class_list":["post-1578","post","type-post","status-publish","format-standard","has-post-thumbnail","hentry","category-actualite"],"uagb_featured_image_src":{"full":["https:\/\/geced.org\/wp-content\/uploads\/2025\/02\/rentreeig8.jpg",720,404,false],"thumbnail":["https:\/\/geced.org\/wp-content\/uploads\/2025\/02\/rentreeig8-150x150.jpg",150,150,true],"medium":["https:\/\/geced.org\/wp-content\/uploads\/2025\/02\/rentreeig8-300x168.jpg",300,168,true],"medium_large":["https:\/\/geced.org\/wp-content\/uploads\/2025\/02\/rentreeig8.jpg",720,404,false],"large":["https:\/\/geced.org\/wp-content\/uploads\/2025\/02\/rentreeig8.jpg",720,404,false],"1536x1536":["https:\/\/geced.org\/wp-content\/uploads\/2025\/02\/rentreeig8.jpg",720,404,false],"2048x2048":["https:\/\/geced.org\/wp-content\/uploads\/2025\/02\/rentreeig8.jpg",720,404,false],"trp-custom-language-flag":["https:\/\/geced.org\/wp-content\/uploads\/2025\/02\/rentreeig8-18x10.jpg",18,10,true]},"uagb_author_info":{"display_name":"geced.org","author_link":"https:\/\/geced.org\/en\/author\/geced-org\/"},"uagb_comment_info":0,"uagb_excerpt":"Le jeudi 20 f\u00e9vrier a \u00e9t\u00e9 marqu\u00e9 par le lancement officiel de la 8e promotion [&hellip;]","_links":{"self":[{"href":"https:\/\/geced.org\/en\/wp-json\/wp\/v2\/posts\/1578","targetHints":{"allow":["GET"]}}],"collection":[{"href":"https:\/\/geced.org\/en\/wp-json\/wp\/v2\/posts"}],"about":[{"href":"https:\/\/geced.org\/en\/wp-json\/wp\/v2\/types\/post"}],"author":[{"embeddable":true,"href":"https:\/\/geced.org\/en\/wp-json\/wp\/v2\/users\/1"}],"replies":[{"embeddable":true,"href":"https:\/\/geced.org\/en\/wp-json\/wp\/v2\/comments?post=1578"}],"version-history":[{"count":4,"href":"https:\/\/geced.org\/en\/wp-json\/wp\/v2\/posts\/1578\/revisions"}],"predecessor-version":[{"id":1589,"href":"https:\/\/geced.org\/en\/wp-json\/wp\/v2\/posts\/1578\/revisions\/1589"}],"wp:featuredmedia":[{"embeddable":true,"href":"https:\/\/geced.org\/en\/wp-json\/wp\/v2\/media\/1583"}],"wp:attachment":[{"href":"https:\/\/geced.org\/en\/wp-json\/wp\/v2\/media?parent=1578"}],"wp:term":[{"taxonomy":"category","embeddable":true,"href":"https:\/\/geced.org\/en\/wp-json\/wp\/v2\/categories?post=1578"},{"taxonomy":"post_tag","embeddable":true,"href":"https:\/\/geced.org\/en\/wp-json\/wp\/v2\/tags?post=1578"}],"curies":[{"name":"wp","href":"https:\/\/api.w.org\/{rel}","templated":true}]}}