{"id":1592,"date":"2025-03-07T14:39:34","date_gmt":"2025-03-07T13:39:34","guid":{"rendered":"https:\/\/geced.org\/?p=1592"},"modified":"2025-03-07T14:48:26","modified_gmt":"2025-03-07T13:48:26","slug":"partenariat-strategique-pour-le-developpement-durable-une-collaboration-envisagee-entre-le-master-international-en-genre-economie-et-gestion-durable-de-leau-et-le-cabinet","status":"publish","type":"post","link":"https:\/\/geced.org\/en\/partenariat-strategique-pour-le-developpement-durable-une-collaboration-envisagee-entre-le-master-international-en-genre-economie-et-gestion-durable-de-leau-et-le-cabinet\/","title":{"rendered":"Partenariat strat\u00e9gique pour le d\u00e9veloppement durable : une collaboration envisag\u00e9e entre le Master international en \u00ab\u00a0Genre, Economie et Gestion Durable de l&rsquo;Eau\u00a0\u00bb et le Cabinet GECED"},"content":{"rendered":"<p class=\"gtfy-1\"><\/p>\n\n\n\n<p class=\"gtfy-4\">Ce mercredi 05 mars 2025, Madame Gis\u00e8le HARDING, Directrice G\u00e9n\u00e9rale du Cabinet Genre, Comp\u00e9titivit\u00e9 et D\u00e9veloppement Durable (GECED) a re\u00e7u au si\u00e8ge du Cabinet GECED sis \u00e0 Cocody Angr\u00e9, une d\u00e9l\u00e9gation du Master international en \u00ab&nbsp;Genre, \u00c9conomie et Gestion Durable de l&rsquo;Eau \u00bb de la Chaire UNESCO \u00ab Eau, Femmes et Pouvoir de D\u00e9cisions \u00bb (CUEFPOD).<\/p>\n\n\n\n<p class=\"gtfy-7\">Cette rencontre, organis\u00e9e sous l\u2019impulsion du Professeur Blaise YAO, Directeur du Master, avait pour objectif d&rsquo;examiner les possibilit\u00e9s de partenariat entre les deux institutions, toutes deux impliqu\u00e9es dans la promotion de l\u2019approche genre en tant que levier strat\u00e9gique pour le d\u00e9veloppement durable. Les discussions ont port\u00e9 sur plusieurs sujets cl\u00e9s, tels que l\u2019insertion socio-professionnelle des titulaires du Master, les stages d\u2019immersion, les visites de structures int\u00e9grant l\u2019approche genre, ainsi que les programmes de formation.<\/p>\n\n\n\n<p class=\"gtfy-10\">Madame la Directrice G\u00e9n\u00e9rale avec un enthousiasme marqu\u00e9, a affirm\u00e9 l&rsquo;engagement du Cabinet GECED \u00e0 soutenir activement ces initiatives et \u00e0 mettre son expertise au service de la mise en place de solutions durables, assurant ainsi \u00e0 l\u2019\u00e9quipe du Master de sa pleine disponibilit\u00e9 pour accompagner ce partenariat.<\/p>\n\n\n\n<p class=\"gtfy-13\">La collaboration entre le Master international en \u00ab&nbsp;Genre, \u00c9conomie et Gestion Durable de l&rsquo;Eau \u00bb et le Cabinet GECED est essentielle pour la r\u00e9solution des diff\u00e9rentes probl\u00e9matiques li\u00e9es \u00e0 l\u2019Eau et au Genre dans un contexte de d\u00e9veloppement durable. Cette synergie vise \u00e0 renforcer les capacit\u00e9s des acteurs cl\u00e9s et \u00e0 assurer un avenir plus inclusif et \u00e9quitable.<\/p>\n\n\n\n<p class=\"gtfy-16\">Pour rappel, le Master international en \u00ab Genre, \u00c9conomie et Gestion Durable de l&rsquo;Eau \u00bb est ouvert aux \u00e9tudiants, travailleurs ainsi qu\u2019aux experts et dispose de deux sp\u00e9cialit\u00e9s&nbsp;:<\/p>\n\n\n\n<ul class=\"wp-block-list gtfy-21\">\n<li class=\"gtfy-19 gutenify-list-item\">le Master en Genre et le D\u00e9veloppement Durable<\/li>\n\n\n\n<li class=\"gtfy-20 gutenify-list-item\">le Master en Eau et D\u00e9veloppement Durable.<\/li>\n<\/ul>\n\n\n\n<p class=\"gtfy-24\"><strong>Souhaitez-vous int\u00e9grer l\u2019approche genre dans votre entreprise afin d\u2019acc\u00e9l\u00e9rer sa performance ?<\/strong><br>Contactez le Cabinet GECED d\u00e8s aujourd\u2019hui et b\u00e9n\u00e9ficiez de notre expertise.<\/p>\n\n\n\n<p class=\"gtfy-27\"><strong>Ensemble, b\u00e2tissons des entreprises performantes !<\/strong><\/p>\n\n\n\n<p class=\"gtfy-30\"><\/p>","protected":false},"excerpt":{"rendered":"<p>Ce mercredi 05 mars 2025, Madame Gis\u00e8le HARDING, Directrice G\u00e9n\u00e9rale du Cabinet Genre, Comp\u00e9titivit\u00e9 et [&hellip;]<\/p>\n","protected":false},"author":1,"featured_media":1599,"comment_status":"open","ping_status":"open","sticky":false,"template":"","format":"standard","meta":{"_gutenify_countdown_timer_type":"fixed","_gutenify_countdown_timer_evergreen_hours":24,"_gutenify_countdown_timer_evergreen_minutes":0,"_gutenify_countdown_timer_date":"","_gutenify_countdown_timer_timezone":"US\/Eastern","_gutenify_countdown_timer_end_action":"none","_gutenify_countdown_timer_hide_selector":"","_gutenify_countdown_timer_redirect_url":"","_uag_custom_page_level_css":"","_monsterinsights_skip_tracking":false,"_monsterinsights_sitenote_active":false,"_monsterinsights_sitenote_note":"","_monsterinsights_sitenote_category":0,"_kadence_starter_templates_imported_post":false,"footnotes":""},"categories":[46],"tags":[],"class_list":["post-1592","post","type-post","status-publish","format-standard","has-post-thumbnail","hentry","category-actualite"],"uagb_featured_image_src":{"full":["https:\/\/geced.org\/wp-content\/uploads\/2025\/03\/geced.png",720,404,false],"thumbnail":["https:\/\/geced.org\/wp-content\/uploads\/2025\/03\/geced-150x150.png",150,150,true],"medium":["https:\/\/geced.org\/wp-content\/uploads\/2025\/03\/geced-300x168.png",300,168,true],"medium_large":["https:\/\/geced.org\/wp-content\/uploads\/2025\/03\/geced.png",720,404,false],"large":["https:\/\/geced.org\/wp-content\/uploads\/2025\/03\/geced.png",720,404,false],"1536x1536":["https:\/\/geced.org\/wp-content\/uploads\/2025\/03\/geced.png",720,404,false],"2048x2048":["https:\/\/geced.org\/wp-content\/uploads\/2025\/03\/geced.png",720,404,false],"trp-custom-language-flag":["https:\/\/geced.org\/wp-content\/uploads\/2025\/03\/geced-18x10.png",18,10,true]},"uagb_author_info":{"display_name":"geced.org","author_link":"https:\/\/geced.org\/en\/author\/geced-org\/"},"uagb_comment_info":0,"uagb_excerpt":"Ce mercredi 05 mars 2025, Madame Gis\u00e8le HARDING, Directrice G\u00e9n\u00e9rale du Cabinet Genre, Comp\u00e9titivit\u00e9 et [&hellip;]","_links":{"self":[{"href":"https:\/\/geced.org\/en\/wp-json\/wp\/v2\/posts\/1592","targetHints":{"allow":["GET"]}}],"collection":[{"href":"https:\/\/geced.org\/en\/wp-json\/wp\/v2\/posts"}],"about":[{"href":"https:\/\/geced.org\/en\/wp-json\/wp\/v2\/types\/post"}],"author":[{"embeddable":true,"href":"https:\/\/geced.org\/en\/wp-json\/wp\/v2\/users\/1"}],"replies":[{"embeddable":true,"href":"https:\/\/geced.org\/en\/wp-json\/wp\/v2\/comments?post=1592"}],"version-history":[{"count":3,"href":"https:\/\/geced.org\/en\/wp-json\/wp\/v2\/posts\/1592\/revisions"}],"predecessor-version":[{"id":1600,"href":"https:\/\/geced.org\/en\/wp-json\/wp\/v2\/posts\/1592\/revisions\/1600"}],"wp:featuredmedia":[{"embeddable":true,"href":"https:\/\/geced.org\/en\/wp-json\/wp\/v2\/media\/1599"}],"wp:attachment":[{"href":"https:\/\/geced.org\/en\/wp-json\/wp\/v2\/media?parent=1592"}],"wp:term":[{"taxonomy":"category","embeddable":true,"href":"https:\/\/geced.org\/en\/wp-json\/wp\/v2\/categories?post=1592"},{"taxonomy":"post_tag","embeddable":true,"href":"https:\/\/geced.org\/en\/wp-json\/wp\/v2\/tags?post=1592"}],"curies":[{"name":"wp","href":"https:\/\/api.w.org\/{rel}","templated":true}]}}