{"id":1618,"date":"2025-04-14T13:34:16","date_gmt":"2025-04-14T11:34:16","guid":{"rendered":"https:\/\/geced.org\/?p=1618"},"modified":"2025-04-14T13:34:17","modified_gmt":"2025-04-14T11:34:17","slug":"linclusivite-un-levier-strategique-pour-booster-la-competitivite-des-entreprises","status":"publish","type":"post","link":"https:\/\/geced.org\/en\/linclusivite-un-levier-strategique-pour-booster-la-competitivite-des-entreprises\/","title":{"rendered":"L&rsquo;inclusivit\u00e9 : un levier strat\u00e9gique pour booster la comp\u00e9titivit\u00e9 des entreprises"},"content":{"rendered":"<p class=\"gtfy-1\"><strong>Qu&rsquo;est-ce que l&rsquo;inclusivit\u00e9 ?<\/strong><\/p>\n\n\n\n<p class=\"gtfy-4\">L&rsquo;inclusivit\u00e9 se d\u00e9finit comme la prise en compte de toutes les personnes, quels que soient leur genre, origine, \u00e2ge, ou handicap, dans les processus d\u00e9cisionnels, les opportunit\u00e9s professionnelles et les politiques organisationnelles. Elle vise \u00e0 garantir une \u00e9galit\u00e9 de traitement et d\u2019opportunit\u00e9s pour tous, sans discrimination.<\/p>\n\n\n\n<p class=\"gtfy-7\">Autrefois consid\u00e9r\u00e9e comme une simple tendance, l\u2019inclusivit\u00e9 est aujourd\u2019hui un imp\u00e9ratif strat\u00e9gique pour les organisations de tous secteurs. Elle a \u00e9volu\u00e9 au fil des ann\u00e9es, passant d\u2019une notion marginale \u00e0 un principe reconnu par les grandes normes internationales, telles que les Objectifs de D\u00e9veloppement Durable (ODD) des Nations Unies, qui placent l&rsquo;\u00e9galit\u00e9 de genre et l&rsquo;inclusivit\u00e9 au c\u0153ur du d\u00e9veloppement durable. Les entreprises sont d\u00e9sormais appel\u00e9es \u00e0 int\u00e9grer ces principes dans leurs valeurs, leurs politiques et leurs pratiques.<\/p>\n\n\n\n<p class=\"gtfy-10\"><strong>Pourquoi l\u2019inclusivit\u00e9 est essentielle pour la comp\u00e9titivit\u00e9 des entreprises ?<\/strong><\/p>\n\n\n\n<p class=\"gtfy-13\">L\u2019inclusivit\u00e9 n\u2019est plus une option. Elle est aujourd\u2019hui un imp\u00e9ratif pour se d\u00e9marquer dans cet environnement \u00e9conomique mondial. Voici pourquoi :<\/p>\n\n\n\n<ul class=\"wp-block-list gtfy-19\">\n<li class=\"gtfy-16 gutenify-list-item\"><strong>Des \u00e9quipes plus performantes<\/strong><br>Les \u00e9tudes montrent que les \u00e9quipes mixtes g\u00e9n\u00e8rent davantage d&rsquo;id\u00e9es cr\u00e9atives et trouvent des solutions plus innovantes. En int\u00e9grant l&rsquo;\u00e9galit\u00e9 des genres, vous am\u00e9liorez la capacit\u00e9 de votre organisation \u00e0 r\u00e9pondre aux d\u00e9fis du march\u00e9 et \u00e0 anticiper les besoins des consommateurs. Selon une\u00a0<a href=\"https:\/\/www.mckinsey.com\/~\/media\/McKinsey\/Email\/Classics\/2020\/2020-02-classic.html\" target=\"_blank\" rel=\"noreferrer noopener\"><strong>\u00e9tude de McKinsey<\/strong><\/a>, les entreprises ayant une forte diversit\u00e9 ethnique ont\u00a0<strong>36 % plus de chances d\u2019\u00eatre performantes<\/strong>.<\/li>\n\n\n\n<li class=\"gtfy-17 gutenify-list-item\"><strong>Un engagement des collaborateurs renforc\u00e9<\/strong><br>Une culture inclusive cr\u00e9e un environnement de travail plus respectueux et motivant, ce qui conduit \u00e0 une augmentation de la r\u00e9tention des talents et \u00e0 une r\u00e9duction des co\u00fbts li\u00e9s au turnover. Par ailleurs, 85 % des salari\u00e9s se sentent plus motiv\u00e9s et engag\u00e9s dans une entreprise qui favorise\u00a0l\u2019inclusion selon le rapport 2021 sur l\u2019impact de la diversit\u00e9 au sein des entreprises r\u00e9alis\u00e9 par McKinsey &amp; Company.<\/li>\n\n\n\n<li class=\"gtfy-18 gutenify-list-item\"><strong>Une image de marque valoris\u00e9e<\/strong><br>Les entreprises qui int\u00e8grent l&rsquo;inclusivit\u00e9 dans leur strat\u00e9gie renforcent leur r\u00e9putation. L\u2019adh\u00e9sion aux principes de l\u2019\u00e9galit\u00e9 des chances homme-femme et de la mixit\u00e9 devient un crit\u00e8re majeur pour attirer des investisseurs, des clients et des partenaires.<\/li>\n<\/ul>\n\n\n\n<p class=\"gtfy-22\"><strong>L\u2019approche GECED : Un accompagnement sur mesure<\/strong><\/p>\n\n\n\n<p class=\"gtfy-25\">Au Cabinet GECED, nous comprenons que l\u2019inclusivit\u00e9 n\u2019est pas un simple concept tendance, mais un v\u00e9ritable levier de comp\u00e9titivit\u00e9. Nous accompagnons les entreprises, les ONG et les structures publiques dans l&rsquo;int\u00e9gration de pratiques inclusives, en les aidant \u00e0 :<\/p>\n\n\n\n<ul class=\"wp-block-list gtfy-31\">\n<li class=\"gtfy-28 gutenify-list-item\">D\u00e9velopper des politiques internes int\u00e9grant l\u2019approche genre\u00a0;<\/li>\n\n\n\n<li class=\"gtfy-29 gutenify-list-item\">Former et sensibiliser leurs \u00e9quipes\u00a0;<\/li>\n\n\n\n<li class=\"gtfy-30 gutenify-list-item\">Obtenir la certification GECE (Genre et Comp\u00e9titivit\u00e9 des Entreprises), un label reconnu, qui t\u00e9moigne de leur engagement en faveur de l\u2019inclusivit\u00e9.<\/li>\n<\/ul>\n\n\n\n<p class=\"gtfy-34\">L&rsquo;inclusivit\u00e9 est devenue une norme incontournable dans le monde des affaires. Int\u00e9gr\u00e9e dans vos processus, elle peut transformer votre organisation, am\u00e9liorer vos performances et renforcer votre position sur le march\u00e9.<\/p>\n\n\n\n<p class=\"gtfy-37\"><br><strong>Pr\u00eat(e) \u00e0 int\u00e9grer l\u2019inclusivit\u00e9 dans votre structure ?<\/strong><br>Contactez le Cabinet GECED et d\u00e9couvrez nos solutions sur mesure pour mettre en place une strat\u00e9gie inclusive efficace.<\/p>","protected":false},"excerpt":{"rendered":"<p>Qu&rsquo;est-ce que l&rsquo;inclusivit\u00e9 ? L&rsquo;inclusivit\u00e9 se d\u00e9finit comme la prise en compte de toutes les [&hellip;]<\/p>\n","protected":false},"author":1,"featured_media":1619,"comment_status":"open","ping_status":"open","sticky":false,"template":"","format":"standard","meta":{"_gutenify_countdown_timer_type":"fixed","_gutenify_countdown_timer_evergreen_hours":24,"_gutenify_countdown_timer_evergreen_minutes":0,"_gutenify_countdown_timer_date":"","_gutenify_countdown_timer_timezone":"US\/Eastern","_gutenify_countdown_timer_end_action":"none","_gutenify_countdown_timer_hide_selector":"","_gutenify_countdown_timer_redirect_url":"","_uag_custom_page_level_css":"","_monsterinsights_skip_tracking":false,"_monsterinsights_sitenote_active":false,"_monsterinsights_sitenote_note":"","_monsterinsights_sitenote_category":0,"_kadence_starter_templates_imported_post":false,"footnotes":""},"categories":[52],"tags":[],"class_list":["post-1618","post","type-post","status-publish","format-standard","has-post-thumbnail","hentry","category-non-classe-fr"],"uagb_featured_image_src":{"full":["https:\/\/geced.org\/wp-content\/uploads\/2025\/04\/inclusive.jpg",720,404,false],"thumbnail":["https:\/\/geced.org\/wp-content\/uploads\/2025\/04\/inclusive-150x150.jpg",150,150,true],"medium":["https:\/\/geced.org\/wp-content\/uploads\/2025\/04\/inclusive-300x168.jpg",300,168,true],"medium_large":["https:\/\/geced.org\/wp-content\/uploads\/2025\/04\/inclusive.jpg",720,404,false],"large":["https:\/\/geced.org\/wp-content\/uploads\/2025\/04\/inclusive.jpg",720,404,false],"1536x1536":["https:\/\/geced.org\/wp-content\/uploads\/2025\/04\/inclusive.jpg",720,404,false],"2048x2048":["https:\/\/geced.org\/wp-content\/uploads\/2025\/04\/inclusive.jpg",720,404,false],"trp-custom-language-flag":["https:\/\/geced.org\/wp-content\/uploads\/2025\/04\/inclusive-18x10.jpg",18,10,true]},"uagb_author_info":{"display_name":"geced.org","author_link":"https:\/\/geced.org\/en\/author\/geced-org\/"},"uagb_comment_info":0,"uagb_excerpt":"Qu&rsquo;est-ce que l&rsquo;inclusivit\u00e9 ? L&rsquo;inclusivit\u00e9 se d\u00e9finit comme la prise en compte de toutes les [&hellip;]","_links":{"self":[{"href":"https:\/\/geced.org\/en\/wp-json\/wp\/v2\/posts\/1618","targetHints":{"allow":["GET"]}}],"collection":[{"href":"https:\/\/geced.org\/en\/wp-json\/wp\/v2\/posts"}],"about":[{"href":"https:\/\/geced.org\/en\/wp-json\/wp\/v2\/types\/post"}],"author":[{"embeddable":true,"href":"https:\/\/geced.org\/en\/wp-json\/wp\/v2\/users\/1"}],"replies":[{"embeddable":true,"href":"https:\/\/geced.org\/en\/wp-json\/wp\/v2\/comments?post=1618"}],"version-history":[{"count":2,"href":"https:\/\/geced.org\/en\/wp-json\/wp\/v2\/posts\/1618\/revisions"}],"predecessor-version":[{"id":1621,"href":"https:\/\/geced.org\/en\/wp-json\/wp\/v2\/posts\/1618\/revisions\/1621"}],"wp:featuredmedia":[{"embeddable":true,"href":"https:\/\/geced.org\/en\/wp-json\/wp\/v2\/media\/1619"}],"wp:attachment":[{"href":"https:\/\/geced.org\/en\/wp-json\/wp\/v2\/media?parent=1618"}],"wp:term":[{"taxonomy":"category","embeddable":true,"href":"https:\/\/geced.org\/en\/wp-json\/wp\/v2\/categories?post=1618"},{"taxonomy":"post_tag","embeddable":true,"href":"https:\/\/geced.org\/en\/wp-json\/wp\/v2\/tags?post=1618"}],"curies":[{"name":"wp","href":"https:\/\/api.w.org\/{rel}","templated":true}]}}