{"id":1653,"date":"2025-05-19T18:31:29","date_gmt":"2025-05-19T16:31:29","guid":{"rendered":"https:\/\/geced.org\/?p=1653"},"modified":"2025-05-19T18:31:30","modified_gmt":"2025-05-19T16:31:30","slug":"adwin-2025","status":"publish","type":"post","link":"https:\/\/geced.org\/en\/adwin-2025\/","title":{"rendered":"ADWIN 2025"},"content":{"rendered":"<p class=\"gtfy-1\">Les 5 et 6 juin prochains \u00e0 Abidjan, au c\u0153ur d\u2019une C\u00f4te d\u2019Ivoire r\u00e9solument engag\u00e9e pour l\u2019\u00e9galit\u00e9 des chances entre les femmes et les hommes, le Sofitel H\u00f4tel Ivoire accueillera un \u00e9v\u00e9nement international in\u00e9dit r\u00e9unissant des femmes d\u2019Afrique, de la Diaspora et du monde entier autour de deux journ\u00e9es plac\u00e9es sous le signe de l\u2019inspiration, de la connexion strat\u00e9gique et de l\u2019autonomisation.<\/p>\n\n\n\n<p class=\"gtfy-4\">Co-organis\u00e9e en C\u00f4te d\u2019Ivoire par Madame la Ministre Euphrasie KOUASSI YAO, au nom du Compendium des Comp\u00e9tences F\u00e9minines de C\u00f4te d\u2019Ivoire (COCOFCI), cette initiative marquera le lancement officiel du r\u00e9seau African Diaspora Women\u2019s International Network (ADWIN), un \u00e9cosyst\u00e8me panafricain d\u00e9di\u00e9 \u00e0 la valorisation du leadership f\u00e9minin et \u00e0 la cr\u00e9ation d\u2019opportunit\u00e9s pour les femmes d&rsquo;ascendance africaine.<\/p>\n\n\n\n<p class=\"gtfy-7\">Autour de cinq piliers cl\u00e9s que sont : WinSkills, WinWell, WinCapital, WinConfidence et WinHeritage, les participantes auront l\u2019opportunit\u00e9 de partager leurs expertises, de mutualiser leurs forces, et d\u2019amplifier leur impact \u00e0 l\u2019\u00e9chelle mondiale.<\/p>\n\n\n\n<p class=\"gtfy-10\">ADWIN incarne une vision ambitieuse : f\u00e9d\u00e9rer les talents f\u00e9minins d\u2019ascendance africaine, encourager leur \u00e9panouissement personnel et professionnel, et construire un avenir ancr\u00e9 dans la solidarit\u00e9, l\u2019innovation et la reconnaissance de nos h\u00e9ritages communs.<\/p>\n\n\n\n<p class=\"gtfy-13\">Rejoignez ce mouvement mondial. Engageons-nous ensemble pour une nouvelle \u00e8re de leadership f\u00e9minin inclusif, audacieux et transg\u00e9n\u00e9rationnel.<\/p>\n\n\n\n<p class=\"gtfy-16\">Pour participer, Inscrivez -vous via le lien suivant : <a href=\"https:\/\/evenium.events\/adwin2025\/\">https:\/\/evenium.events\/adwin2025\/<\/a><\/p>","protected":false},"excerpt":{"rendered":"<p>Les 5 et 6 juin prochains \u00e0 Abidjan, au c\u0153ur d\u2019une C\u00f4te d\u2019Ivoire r\u00e9solument engag\u00e9e [&hellip;]<\/p>\n","protected":false},"author":1,"featured_media":1651,"comment_status":"open","ping_status":"open","sticky":false,"template":"","format":"standard","meta":{"_gutenify_countdown_timer_type":"fixed","_gutenify_countdown_timer_evergreen_hours":24,"_gutenify_countdown_timer_evergreen_minutes":0,"_gutenify_countdown_timer_date":"","_gutenify_countdown_timer_timezone":"US\/Eastern","_gutenify_countdown_timer_end_action":"none","_gutenify_countdown_timer_hide_selector":"","_gutenify_countdown_timer_redirect_url":"","_uag_custom_page_level_css":"","_monsterinsights_skip_tracking":false,"_monsterinsights_sitenote_active":false,"_monsterinsights_sitenote_note":"","_monsterinsights_sitenote_category":0,"_kadence_starter_templates_imported_post":false,"footnotes":""},"categories":[52],"tags":[],"class_list":["post-1653","post","type-post","status-publish","format-standard","has-post-thumbnail","hentry","category-non-classe-fr"],"uagb_featured_image_src":{"full":["https:\/\/geced.org\/wp-content\/uploads\/2025\/05\/VFR-Deck-ADWIN-1_1.jpg",1920,1080,false],"thumbnail":["https:\/\/geced.org\/wp-content\/uploads\/2025\/05\/VFR-Deck-ADWIN-1_1-150x150.jpg",150,150,true],"medium":["https:\/\/geced.org\/wp-content\/uploads\/2025\/05\/VFR-Deck-ADWIN-1_1-300x169.jpg",300,169,true],"medium_large":["https:\/\/geced.org\/wp-content\/uploads\/2025\/05\/VFR-Deck-ADWIN-1_1-768x432.jpg",768,432,true],"large":["https:\/\/geced.org\/wp-content\/uploads\/2025\/05\/VFR-Deck-ADWIN-1_1-1024x576.jpg",1024,576,true],"1536x1536":["https:\/\/geced.org\/wp-content\/uploads\/2025\/05\/VFR-Deck-ADWIN-1_1-1536x864.jpg",1536,864,true],"2048x2048":["https:\/\/geced.org\/wp-content\/uploads\/2025\/05\/VFR-Deck-ADWIN-1_1.jpg",1920,1080,false],"trp-custom-language-flag":["https:\/\/geced.org\/wp-content\/uploads\/2025\/05\/VFR-Deck-ADWIN-1_1-18x10.jpg",18,10,true]},"uagb_author_info":{"display_name":"geced.org","author_link":"https:\/\/geced.org\/en\/author\/geced-org\/"},"uagb_comment_info":1,"uagb_excerpt":"Les 5 et 6 juin prochains \u00e0 Abidjan, au c\u0153ur d\u2019une C\u00f4te d\u2019Ivoire r\u00e9solument engag\u00e9e [&hellip;]","_links":{"self":[{"href":"https:\/\/geced.org\/en\/wp-json\/wp\/v2\/posts\/1653","targetHints":{"allow":["GET"]}}],"collection":[{"href":"https:\/\/geced.org\/en\/wp-json\/wp\/v2\/posts"}],"about":[{"href":"https:\/\/geced.org\/en\/wp-json\/wp\/v2\/types\/post"}],"author":[{"embeddable":true,"href":"https:\/\/geced.org\/en\/wp-json\/wp\/v2\/users\/1"}],"replies":[{"embeddable":true,"href":"https:\/\/geced.org\/en\/wp-json\/wp\/v2\/comments?post=1653"}],"version-history":[{"count":1,"href":"https:\/\/geced.org\/en\/wp-json\/wp\/v2\/posts\/1653\/revisions"}],"predecessor-version":[{"id":1654,"href":"https:\/\/geced.org\/en\/wp-json\/wp\/v2\/posts\/1653\/revisions\/1654"}],"wp:featuredmedia":[{"embeddable":true,"href":"https:\/\/geced.org\/en\/wp-json\/wp\/v2\/media\/1651"}],"wp:attachment":[{"href":"https:\/\/geced.org\/en\/wp-json\/wp\/v2\/media?parent=1653"}],"wp:term":[{"taxonomy":"category","embeddable":true,"href":"https:\/\/geced.org\/en\/wp-json\/wp\/v2\/categories?post=1653"},{"taxonomy":"post_tag","embeddable":true,"href":"https:\/\/geced.org\/en\/wp-json\/wp\/v2\/tags?post=1653"}],"curies":[{"name":"wp","href":"https:\/\/api.w.org\/{rel}","templated":true}]}}