{"id":1687,"date":"2025-06-11T19:46:42","date_gmt":"2025-06-11T17:46:42","guid":{"rendered":"https:\/\/geced.org\/?p=1687"},"modified":"2025-06-12T11:11:00","modified_gmt":"2025-06-12T09:11:00","slug":"article-le-cabinet-geced-au-coeur-du-lancement-du-reseau-mondial-adwin","status":"publish","type":"post","link":"https:\/\/geced.org\/en\/article-le-cabinet-geced-au-coeur-du-lancement-du-reseau-mondial-adwin\/","title":{"rendered":"Le Cabinet GECED au c\u0153ur du lancement du r\u00e9seau mondial ADWIN"},"content":{"rendered":"<p class=\"gtfy-1\"><\/p>\n\n\n\n<div class=\"wp-block-uagb-image uagb-block-2a27dddd wp-block-uagb-image--layout-default wp-block-uagb-image--effect-static wp-block-uagb-image--align-none gtfy-4\"><figure class=\"wp-block-uagb-image__figure\"><img decoding=\"async\" srcset=\"https:\/\/geced.org\/wp-content\/uploads\/2025\/06\/WhatsApp-Image-2025-06-11-a-13.25.28_3c059bac-1024x682.jpg ,https:\/\/geced.org\/wp-content\/uploads\/2025\/06\/WhatsApp-Image-2025-06-11-a-13.25.28_3c059bac.jpg 780w, https:\/\/geced.org\/wp-content\/uploads\/2025\/06\/WhatsApp-Image-2025-06-11-a-13.25.28_3c059bac.jpg 360w\" sizes=\"auto, (max-width: 480px) 150px\" src=\"https:\/\/geced.org\/wp-content\/uploads\/2025\/06\/WhatsApp-Image-2025-06-11-a-13.25.28_3c059bac-1024x682.jpg\" alt=\"\" class=\"uag-image-1688\" width=\"1080\" height=\"719\" title=\"WhatsApp Image 2025-06-11 \u00e0 13.25.28_3c059bac\" loading=\"lazy\" role=\"img\"\/><\/figure><\/div>\n\n\n\n<p class=\"gtfy-7\">Les 5 et 6 juin 2025, le Cabinet GECED a pris une part active au lancement du R\u00e9seau mondial <strong>ADWIN<\/strong>&nbsp;<strong>(African and African-Descendant Women Impact Network),<\/strong>&nbsp;coorganis\u00e9 au Sofitel Abidjan H\u00f4tel Ivoire par le Compendium des Comp\u00e9tences F\u00e9minines de C\u00f4te d\u2019Ivoire. Cette rencontre internationale a rassembl\u00e9 des figures de haut niveau pour connecter les femmes africaines et afrodescendantes autour de leviers d&rsquo;action concrets en faveur de leur leadership, de leur pouvoir \u00e9conomique et de leur impact social.<\/p>\n\n\n\n<div class=\"wp-block-uagb-image uagb-block-950b0521 wp-block-uagb-image--layout-default wp-block-uagb-image--effect-static wp-block-uagb-image--align-none gtfy-10\"><figure class=\"wp-block-uagb-image__figure\"><img decoding=\"async\" srcset=\"https:\/\/geced.org\/wp-content\/uploads\/2025\/06\/geced_article-1-1024x252.jpg ,https:\/\/geced.org\/wp-content\/uploads\/2025\/06\/geced_article-1.jpg 780w, https:\/\/geced.org\/wp-content\/uploads\/2025\/06\/geced_article-1.jpg 360w\" sizes=\"auto, (max-width: 480px) 150px\" src=\"https:\/\/geced.org\/wp-content\/uploads\/2025\/06\/geced_article-1-1024x252.jpg\" alt=\"\" class=\"uag-image-1708\" width=\"1024\" height=\"252\" title=\"geced_article\" loading=\"lazy\" role=\"img\"\/><\/figure><\/div>\n\n\n\n<p class=\"gtfy-13\">Dans cette dynamique de transformation, le <strong>Cabinet GECED<\/strong>&nbsp;s\u2019est affirm\u00e9 comme un acteur de r\u00e9f\u00e9rence en mati\u00e8re de leadership inclusif et de performance durable par l\u2019int\u00e9gration du genre.<\/p>\n\n\n\n<p class=\"gtfy-16\"><strong>Une contribution strat\u00e9gique et cibl\u00e9e<\/strong><strong><\/strong><\/p>\n\n\n\n<p class=\"gtfy-19\">L\u2019engagement du Cabinet GECED s\u2019est articul\u00e9 autour de trois axes majeurs :<\/p>\n\n\n\n<ul class=\"wp-block-list gtfy-25\">\n<li class=\"gtfy-22 gutenify-list-item\"><strong>Un stand interactif<\/strong>, g\u00e9n\u00e9rant plus de 50 \u00e9changes avec des leaders \u00e9conomiques, institutionnels et associatifs ;<\/li>\n\n\n\n<li class=\"gtfy-23 gutenify-list-item\"><strong>Une contribution intellectuelle<\/strong>, avec la participation aux travaux du Comit\u00e9 scientifique ADWIN ;<\/li>\n\n\n\n<li class=\"gtfy-24 gutenify-list-item\"><strong>La promotion du Label GECE<\/strong>, outil phare du cabinet, pr\u00e9sent\u00e9 comme un levier de transformation pour des organisations plus inclusives, performantes et comp\u00e9titives.<\/li>\n<\/ul>\n\n\n\n<div class=\"wp-block-uagb-container uagb-block-5bd29f78 alignfull uagb-is-root-container gtfy-32\"><div class=\"uagb-container-inner-blocks-wrap\">\n<div class=\"wp-block-uagb-container uagb-block-7e1b2553 gtfy-29\">\n<div class=\"wp-block-uagb-image uagb-block-48b59e18 wp-block-uagb-image--layout-default wp-block-uagb-image--effect-static wp-block-uagb-image--align-none gtfy-28\"><figure class=\"wp-block-uagb-image__figure\"><img decoding=\"async\" srcset=\"https:\/\/geced.org\/wp-content\/uploads\/2025\/06\/adwin_geced_1.jpg ,https:\/\/geced.org\/wp-content\/uploads\/2025\/06\/adwin_geced_1.jpg 780w, https:\/\/geced.org\/wp-content\/uploads\/2025\/06\/adwin_geced_1.jpg 360w\" sizes=\"auto, (max-width: 480px) 150px\" src=\"https:\/\/geced.org\/wp-content\/uploads\/2025\/06\/adwin_geced_1.jpg\" alt=\"\" class=\"uag-image-1701\" width=\"608\" height=\"810\" title=\"adwin_geced_1\" loading=\"lazy\" role=\"img\"\/><\/figure><\/div>\n<\/div>\n\n\n\n<div class=\"wp-block-uagb-container uagb-block-87e6d2d9 gtfy-31\">\n<div class=\"wp-block-uagb-image uagb-block-e01f0b5d wp-block-uagb-image--layout-default wp-block-uagb-image--effect-static wp-block-uagb-image--align-none gtfy-30\"><figure class=\"wp-block-uagb-image__figure\"><img decoding=\"async\" srcset=\"https:\/\/geced.org\/wp-content\/uploads\/2025\/06\/adwin_geced.jpg ,https:\/\/geced.org\/wp-content\/uploads\/2025\/06\/adwin_geced.jpg 780w, https:\/\/geced.org\/wp-content\/uploads\/2025\/06\/adwin_geced.jpg 360w\" sizes=\"auto, (max-width: 480px) 150px\" src=\"https:\/\/geced.org\/wp-content\/uploads\/2025\/06\/adwin_geced.jpg\" alt=\"\" class=\"uag-image-1702\" width=\"608\" height=\"810\" title=\"adwin_geced\" loading=\"lazy\" role=\"img\"\/><\/figure><\/div>\n<\/div>\n<\/div><\/div>\n\n\n\n<p class=\"gtfy-35\"><strong>T\u00e9moignage : quand la prise de conscience devient une action<\/strong><strong><\/strong><\/p>\n\n\n\n<p class=\"gtfy-38\"><em>\u00ab J\u2019ai \u00e9t\u00e9 sinc\u00e8rement \u00e9tonn\u00e9e par la d\u00e9monstration de l\u2019impact que peut avoir l\u2019int\u00e9gration du genre sur la performance globale d\u2019une entreprise. Gr\u00e2ce aux explications claires et passionn\u00e9es de Mademoiselle Ebroti\u00e9, j\u2019ai compris que cette approche pouvait transformer nos pratiques, m\u00eame \u00e0 l\u2019\u00e9chelle d\u2019une PME. Je souhaite que mon agence b\u00e9n\u00e9ficie prochainement de la certification au Label GECE. \u00bb<\/em><br>\u2014 <strong>Mme Gnagne Ly Adrienne<\/strong>, Pr\u00e9sidente fondatrice de l\u2019agence ACL<\/p>\n\n\n\n<p class=\"gtfy-41\">Ce retour souligne la capacit\u00e9 du Cabinet GECED \u00e0 susciter des d\u00e9clics concrets aupr\u00e8s des dirigeant\u00b7es et \u00e0 faire \u00e9merger de nouveaux projets.<\/p>\n\n\n\n<p class=\"gtfy-44\"><strong>Le genre, levier de performance<\/strong><strong><\/strong><\/p>\n\n\n\n<p class=\"gtfy-47\">Les \u00e9changes ont permis de rappeler que l\u2019\u00e9galit\u00e9 professionnelle est un facteur d\u00e9terminant de comp\u00e9titivit\u00e9 et d\u2019innovation. Le Cabinet a partag\u00e9 ses expertises en mati\u00e8re de :<\/p>\n\n\n\n<ul class=\"wp-block-list gtfy-53\">\n<li class=\"gtfy-50 gutenify-list-item\">leadership inclusif et gouvernance \u00e9galitaire,<\/li>\n\n\n\n<li class=\"gtfy-51 gutenify-list-item\">int\u00e9gration du genre dans les politiques RSE\/ESG,<\/li>\n\n\n\n<li class=\"gtfy-52 gutenify-list-item\">accompagnement strat\u00e9gique et certification Label GECE.<\/li>\n<\/ul>\n\n\n\n<div class=\"wp-block-uagb-image uagb-block-ca9ce1e5 wp-block-uagb-image--layout-default wp-block-uagb-image--effect-static wp-block-uagb-image--align-none gtfy-56\"><figure class=\"wp-block-uagb-image__figure\"><img decoding=\"async\" srcset=\"https:\/\/geced.org\/wp-content\/uploads\/2025\/06\/WhatsApp-Image-2025-06-11-a-13.24.01_5d8928f6-1024x682.jpg ,https:\/\/geced.org\/wp-content\/uploads\/2025\/06\/WhatsApp-Image-2025-06-11-a-13.24.01_5d8928f6.jpg 780w, https:\/\/geced.org\/wp-content\/uploads\/2025\/06\/WhatsApp-Image-2025-06-11-a-13.24.01_5d8928f6.jpg 360w\" sizes=\"auto, (max-width: 480px) 150px\" src=\"https:\/\/geced.org\/wp-content\/uploads\/2025\/06\/WhatsApp-Image-2025-06-11-a-13.24.01_5d8928f6-1024x682.jpg\" alt=\"\" class=\"uag-image-1713\" width=\"1080\" height=\"719\" title=\"WhatsApp Image 2025-06-11 \u00e0 13.24.01_5d8928f6\" loading=\"lazy\" role=\"img\"\/><\/figure><\/div>\n\n\n\n<p class=\"gtfy-59\"><strong>ADWIN : une plateforme panafricaine de transformation<\/strong><strong><\/strong><\/p>\n\n\n\n<p class=\"gtfy-62\">Port\u00e9 par des personnalit\u00e9s de premier plan dont Madame Elisabeth MORENO, Pr\u00e9sidente et Cofondatrice d\u2019ADWIN et la Ministre Euphrasie KOUASSI YAO, Coordinatrice Nationale du Compendium des Comp\u00e9tences F\u00e9minines de C\u00f4te d\u2019Ivoire&nbsp;; le r\u00e9seau ADWIN repose sur cinq piliers : h\u00e9ritage, comp\u00e9tences, bien-\u00eatre, acc\u00e8s au capital, et confiance. Une vision syst\u00e9mique dans laquelle s\u2019inscrit pleinement l\u2019approche du Cabinet GECED.<\/p>\n\n\n\n<p class=\"gtfy-65\"><strong>Une dynamique \u00e0 fort potentiel<\/strong><strong><\/strong><\/p>\n\n\n\n<p class=\"gtfy-68\">Par sa participation \u00e0 cet \u00e9v\u00e9nement d\u2019envergure, le Cabinet GECED renforce son positionnement strat\u00e9gique et ouvre de nouvelles perspectives autour des NTIC inclusives, du mentorat, de la formation et du financement sensible au genre.<\/p>\n\n\n\n<p class=\"gtfy-71\"><strong>\u00cates-vous pr\u00eat.e.s \u00e0 int\u00e9grer l\u2019approche genre dans le fonctionnement de votre structure ?<\/strong><strong><\/strong><\/p>\n\n\n\n<p class=\"gtfy-74\"><strong>Contactez le Cabinet GECED.<\/strong><\/p>\n\n\n\n<p class=\"gtfy-77\"><\/p>","protected":false},"excerpt":{"rendered":"<p>Les 5 et 6 juin 2025, le Cabinet GECED a pris une part active au [&hellip;]<\/p>\n","protected":false},"author":1,"featured_media":1697,"comment_status":"open","ping_status":"open","sticky":false,"template":"","format":"standard","meta":{"_gutenify_countdown_timer_type":"fixed","_gutenify_countdown_timer_evergreen_hours":24,"_gutenify_countdown_timer_evergreen_minutes":0,"_gutenify_countdown_timer_date":"","_gutenify_countdown_timer_timezone":"US\/Eastern","_gutenify_countdown_timer_end_action":"none","_gutenify_countdown_timer_hide_selector":"","_gutenify_countdown_timer_redirect_url":"","_uag_custom_page_level_css":"","_monsterinsights_skip_tracking":false,"_monsterinsights_sitenote_active":false,"_monsterinsights_sitenote_note":"","_monsterinsights_sitenote_category":0,"_kadence_starter_templates_imported_post":false,"footnotes":""},"categories":[46],"tags":[],"class_list":["post-1687","post","type-post","status-publish","format-standard","has-post-thumbnail","hentry","category-actualite"],"uagb_featured_image_src":{"full":["https:\/\/geced.org\/wp-content\/uploads\/2025\/06\/WhatsApp-Image-2025-06-11-at-17.21.54.jpeg",1080,719,false],"thumbnail":["https:\/\/geced.org\/wp-content\/uploads\/2025\/06\/WhatsApp-Image-2025-06-11-at-17.21.54-150x150.jpeg",150,150,true],"medium":["https:\/\/geced.org\/wp-content\/uploads\/2025\/06\/WhatsApp-Image-2025-06-11-at-17.21.54-300x200.jpeg",300,200,true],"medium_large":["https:\/\/geced.org\/wp-content\/uploads\/2025\/06\/WhatsApp-Image-2025-06-11-at-17.21.54-768x511.jpeg",768,511,true],"large":["https:\/\/geced.org\/wp-content\/uploads\/2025\/06\/WhatsApp-Image-2025-06-11-at-17.21.54-1024x682.jpeg",1024,682,true],"1536x1536":["https:\/\/geced.org\/wp-content\/uploads\/2025\/06\/WhatsApp-Image-2025-06-11-at-17.21.54.jpeg",1080,719,false],"2048x2048":["https:\/\/geced.org\/wp-content\/uploads\/2025\/06\/WhatsApp-Image-2025-06-11-at-17.21.54.jpeg",1080,719,false],"trp-custom-language-flag":["https:\/\/geced.org\/wp-content\/uploads\/2025\/06\/WhatsApp-Image-2025-06-11-at-17.21.54-18x12.jpeg",18,12,true]},"uagb_author_info":{"display_name":"geced.org","author_link":"https:\/\/geced.org\/en\/author\/geced-org\/"},"uagb_comment_info":0,"uagb_excerpt":"Les 5 et 6 juin 2025, le Cabinet GECED a pris une part active au [&hellip;]","_links":{"self":[{"href":"https:\/\/geced.org\/en\/wp-json\/wp\/v2\/posts\/1687","targetHints":{"allow":["GET"]}}],"collection":[{"href":"https:\/\/geced.org\/en\/wp-json\/wp\/v2\/posts"}],"about":[{"href":"https:\/\/geced.org\/en\/wp-json\/wp\/v2\/types\/post"}],"author":[{"embeddable":true,"href":"https:\/\/geced.org\/en\/wp-json\/wp\/v2\/users\/1"}],"replies":[{"embeddable":true,"href":"https:\/\/geced.org\/en\/wp-json\/wp\/v2\/comments?post=1687"}],"version-history":[{"count":7,"href":"https:\/\/geced.org\/en\/wp-json\/wp\/v2\/posts\/1687\/revisions"}],"predecessor-version":[{"id":1714,"href":"https:\/\/geced.org\/en\/wp-json\/wp\/v2\/posts\/1687\/revisions\/1714"}],"wp:featuredmedia":[{"embeddable":true,"href":"https:\/\/geced.org\/en\/wp-json\/wp\/v2\/media\/1697"}],"wp:attachment":[{"href":"https:\/\/geced.org\/en\/wp-json\/wp\/v2\/media?parent=1687"}],"wp:term":[{"taxonomy":"category","embeddable":true,"href":"https:\/\/geced.org\/en\/wp-json\/wp\/v2\/categories?post=1687"},{"taxonomy":"post_tag","embeddable":true,"href":"https:\/\/geced.org\/en\/wp-json\/wp\/v2\/tags?post=1687"}],"curies":[{"name":"wp","href":"https:\/\/api.w.org\/{rel}","templated":true}]}}